{"id":8542,"date":"2024-06-20T10:45:20","date_gmt":"2024-06-20T09:45:20","guid":{"rendered":"https:\/\/papajuliett.com\/?p=8542"},"modified":"2024-07-01T09:06:37","modified_gmt":"2024-07-01T08:06:37","slug":"pilot-franc-kralj-pomembno-je-da-se-med-seboj-spostujemo-in-da-se-zanesemo-na-tovarise","status":"publish","type":"post","link":"https:\/\/papajuliett.com\/sl\/pilot-franc-kralj-pomembno-je-da-se-med-seboj-spostujemo-in-da-se-zanesemo-na-tovarise\/","title":{"rendered":"PILOT FRANC KRALJ: &#8220;POMEMBNO JE, DA SE MED SEBOJ SPO\u0160TUJEMO IN DA SE ZANESEMO NA TOVARI\u0160E.&#8221;"},"content":{"rendered":"\n<p><\/p>\n\n\n\n<p><strong>Franc Kralj je letalstvu predan \u017ee 75 let. Je edini pilot v Sloveniji, ki je prejemnik najvi\u0161jega dr\u017eavnega priznanja za dose\u017eke na podro\u010dju \u0161porta, <a href=\"https:\/\/www.gov.si\/assets\/ministrstva\/MGTS\/Dokumenti\/Direktorat-za-sport\/BLOUDEK\/Bloudek_nagrajenci_2018.pdf\" target=\"_blank\" rel=\"noopener\" title=\"\">Bloudkove plakete za \u017eivljenjsko delo<\/a>. Poleg tega je prvi \u010dastni \u010dlan <a href=\"https:\/\/www.lcm.si\" target=\"_blank\" rel=\"noopener\" title=\"\">Letalskega centra Maribor<\/a> (LCM), kar dodatno potrjuje njegov izjemni prispevek slovenskemu \u0161portnemu letalstvu<\/strong>, <strong>saj je s svojim dolgoletnim in predanim delom pripomogel, da je klub dosegel izjemne rezultate, se finan\u010dno stabiliziral in zgradil infrastrukturo.<\/strong> <strong>Bil je tudi pobudnik  ustanovitve protito\u010dne obrambe, ki jo izvaja <a href=\"https:\/\/www.lcm.si\" target=\"_blank\" rel=\"noopener\" title=\"\">Letalski center Maribor<\/a><\/strong>.<\/p>\n\n\n\n<p><strong>Njegova pot se je za\u010dela leta 1946 v modelarskem kro\u017eku, kjer je \u017ee kot mlad fant navdu\u0161eno izdeloval modele letal. Svoj prvi let je naredil leta 1949 z jadralnim letalom vrabec. Preizkusil se je tudi v padalstvu in skakal z razli\u010dnimi vrstami padal.\u00a0 Leta 1957 je za\u010del leteti z motornimi letali.  Svoje znanje in izku\u0161nje je mnoga leta delil kot u\u010ditelj motornega letenja, in iz\u0161olal lepo \u0161tevilo pilotov. Letel na ve\u010d kot 30 tipih tako jadralnih kot motornih letal.<\/strong><\/p>\n\n\n\n<p><strong>Govorili smo o \u0161olanju neko\u010d in danes ter o pomenu tovari\u0161tva v letalstvu<\/strong>. <\/p>\n\n\n\n<blockquote class=\"wp-block-quote is-layout-flow wp-block-quote-is-layout-flow\">\n<p>&#8220;Odkritost, prisr\u010dnost, spo\u0161tovanje vseh tistih, ki so tu in pa spo\u0161tovanje samega sebe. Preveriti samega sebe. V\u010dasih raj\u0161i preveriti sebe kot koga drugega. Drugega je treba imeti rad.&#8221;- Franc Kralj<\/p>\n<\/blockquote>\n\n\n\n<p><\/p>\n\n\n<div class=\"wp-block-image\">\n<figure class=\"aligncenter size-full\"><img decoding=\"async\" width=\"980\" height=\"710\" src=\"https:\/\/papajuliett.com\/wp-content\/uploads\/2024\/06\/Franci_Aero3.jpg\" alt=\"\" class=\"wp-image-8546\" srcset=\"https:\/\/papajuliett.com\/wp-content\/uploads\/2024\/06\/Franci_Aero3.jpg 980w, https:\/\/papajuliett.com\/wp-content\/uploads\/2024\/06\/Franci_Aero3-300x217.jpg 300w, https:\/\/papajuliett.com\/wp-content\/uploads\/2024\/06\/Franci_Aero3-768x556.jpg 768w, https:\/\/papajuliett.com\/wp-content\/uploads\/2024\/06\/Franci_Aero3-600x435.jpg 600w\" sizes=\"(max-width: 980px) 100vw, 980px\" \/><figcaption class=\"wp-element-caption\">Franc Kralj<\/figcaption><\/figure>\n<\/div>\n\n\n<p><\/p>\n\n\n\n<p><strong>1. Ste si \u017eeleli leteti \u017ee kot fanti\u010d? Kdaj je bil va\u0161 prvi let?<\/strong><\/p>\n\n\n\n<p>V Mariboru je bil leta 1928 velik letalski miting. O\u010de me je peljal s seboj, star sem bil 8 ali 9 let. Gledali smo in se navdu\u0161evali, kako vse to leti po zraku. Zraven so modelarji spu\u0161\u010dali modele letal. O\u010detu sem rekel: &#8220;Ata, poglej to kobilico!&#8221;&nbsp; Zraven mene je stal malo ve\u010dji fant in mi je rekel: &#8220;Ti butl, to ni kobilica, to je jadralno letalo.&#8221; Pokazal sem na jadralno letalo, ki je bilo v zraku, in rekel: &#8220;\u010cuj, zapomni si, jaz bom pilot.&#8221; Leteti sem za\u010del, ko sem bil star 15 let. Moj prvi let je bil pred 75 leti, dne 3.6.1949 z letalom Vrabec, nalogo \u201cdrs\u201d in \u010dasom 0 sekund. Takrat nismo poznali osnovnega \u0161olanja na dvosedih, kot to po\u010dnemo danes.&nbsp;<\/p>\n\n\n\n<p><\/p>\n\n\n\n<p><strong>2. \u0160olanje za jadralnega pilota je bilo v tistih \u010dasih zelo druga\u010dno in veliko bolj zahtevno kot danes.<\/strong><\/p>\n\n\n\n<p>Danes ti u\u010ditelj poka\u017ee vse, usede\u0161 se na dvoseda. Takrat smo bili v letalu sami, leteli smo po navodilih. Vsega smo se morali nau\u010diti sami. Moral si imeti razgibane reflekse. Zdaj\u0161nja tehnika \u0161olanja je napredovala. Kvalitetna letala so, na\u010din \u0161olanja je druga\u010den. Ostati v zraku ve\u010d kot eno uro je bil takrat \u017ee res velik uspeh. Da o preletih ne govorim. Prelet 50 km je bil tak\u0161en uspeh kot danes 300 km. &nbsp;<\/p>\n\n\n\n<p><\/p>\n\n\n\n<p><strong>3. Kako je potekalo \u0161olanje? Letala ste popravljali kar sami.<\/strong><\/p>\n\n\n\n<p>Na\u010din \u0161olanja je bil povsem druga\u010den od dana\u0161njega. Prva vaja je bila imenovana \u00bbpariranje\u00ab. Naslednja je bila \u00bbdrs\u00ab. Pilot se je peljal po letali\u0161\u010du s pomo\u010djo vitla in \u00bbpariral\u00ab. Sledila je vaja \u00bbskoki\u00ab do 3 m vi\u0161ine. Pri tej vaji je bilo potrebno poleg pariranja kril, obdr\u017eati smer in po odklopu zavzeti primerno hitrost, na kraju pa \u0161e pravilno pristati. Ta vaja je bila za moje pojme zelo te\u017eka v \u010dasu \u0161olanja. Bil si prvi\u010d v \u017eivljenju v zraku, z veliko treme in strahu. Pri tej vaji smo do\u017eivljali vsa mogo\u010de\u2026 V primeru po\u0161kodbe smo dele letala odnesli v delavnico in jih popravili, v ve\u010dini primerov do naslednjega dne. To je bil uspe\u0161no opravljen izpit A. V znak priznanja si dobil zna\u010dko, enega galeba na modri podlagi.<\/p>\n\n\n\n<p>Za pridobitev B izpita se je vi\u0161ina leta pove\u010dala do 50m. Potrebno je bilo napraviti S let in pristati v smeri vzletanja. Ta vaja je \u017ee zahtevala koordinacijo komand. Z vi\u0161ino letanja se je pove\u010devala tudi zahtevnost.<\/p>\n\n\n\n<p>Vi\u0161ek lepote in uspeha je bil&nbsp; tako imenovani \u00bbvisoki \u0161tart\u00ab. Z vitlom so te dvignili koliko se je dalo. Naloga pilota je bila, da naredi pravi \u0161olski krog. Ker nismo imeli radio zveze, je u\u010ditelj pomagal u\u010dencu tako, da mu je z zastavico pokazal kdaj mora narediti zavoj. Moj spomin na ta prvi \u0161olski krog je nepozaben. Trajal je to\u010dno 1 minuto in 45 sekund.<\/p>\n\n\n\n<p>Za potrjen C izpit si letel na pravilno oblikovanem jadralnem letalu z zaprto kabino, brez zgornjega dela, samo z vetrobranskim steklom. Pri nas smo za ta namen imeli letalo salamandra. Moj tak\u0161en \u0161tart je trajal 4 minute in 20 sekund.<\/p>\n\n\n\n<p><\/p>\n\n\n\n<p><strong>4. Da ste lahko leteli z vzpetine, ste letalo potiskali do lokacije pe\u0161-dobra dva kilometra.<\/strong><\/p>\n\n\n\n<p>Od takratnega letali\u0161\u010da na Teznem v Mariboru smo do vzleti\u0161\u010da letalo vrabec peljali na kolicah, po lokalni makadamski cesti do male vzpetine, poleteli pa smo s pomo\u010djo gume.<\/p>\n\n\n\n<p>Neko\u010d je bil to zelo pogost pripomo\u010dek za vzlet, posebno pri vzletanju s hribov, dana\u0161nji mladi piloti ga ne poznajo. To je bila od 15 do 20 metrov dolga gumijasta vrv. Na vsakem koncu vrvi je bilo razporejenih 5 &#8211; 6 u\u010dencev. Na povelje u\u010ditelja so u\u010denci za\u010deli vle\u010di vrv.&nbsp; Sledila je komanda &#8220;spusti. To je pomenilo, da mora u\u010denec, ki je bil na repu spustiti letalo. Letalo je poletelo, kot bi ga izstrelili s fra\u010do.<\/p>\n\n\n\n<p>Za tak\u0161en start je bilo potrebno 13 do 15 ljudi in pilot, ki je imel to sre\u010do, da je tisti dan letel. Tako smo v enem dnevu naredili najve\u010d 4 do 5 \u0161tartov. To pomeni, da si dva do tri dni garal za en \u0161tart. Bi danes?<\/p>\n\n\n\n<p><\/p>\n\n\n\n<p><strong>5.) Mejniki v \u0161olanju so bila tudi razli\u010dna letala. Prelomno je bilo letenje v aerozapregi.<\/strong><\/p>\n\n\n\n<p>Bistvene spremembe v \u0161olanju so bila letala&nbsp;vrabec, roda in blanik. Jadralno letalo vrabec je povezano z jeklenimi vrvmi. In tisti, ki ga je hotel leteti, je moral kon\u010dati glasbeno \u0161olo. Namre\u010d, \u010de je bila velika hitrost so se sli\u0161ali visoki toni, \u010de je bila mala, se je zvok ti\u0161al. To si kot pilot poslu\u0161al. To je bila prakti\u010dna zadeva po kateri smo piloti leteli. Romantika vrabca se je kon\u010dala v letih 1951-52.<\/p>\n\n\n\n<p>Tedaj se je pojavila roda, ki je tehniko \u0161olanja bistveno spremenila. Tu je u\u010ditelj lahko u\u010dencu pokazal kako se leti pa tudi napake mu je lahko popravil.<\/p>\n\n\n\n<p>V takratnem \u0161olanju je bilo kar nekaj prelomnih momentov. Eden tak\u0161nih, mislim da za tisto obdobje najve\u010dji, je bilo letenje v \u00bbaerozapregi\u00ab. Leteli smo na dvosedu imenovanem \u017edral. Po opravljenih 4 do 5 \u0161tartih si bil sposoben za samostojno letenje na \u010davki. Sledila so letala: grunay baby, jastreb, mu 13, triglav, vaja, orlik itd. Vse letenje se je odvijalo brez radio zveze. Prepu\u0161\u010den si bil samemu sebi.&nbsp;<\/p>\n\n\n\n<p><\/p>\n\n\n\n<p><strong>6.) \u0160olanje za motorno letenje je bilo v letu 1950 privilegij.<\/strong><\/p>\n\n\n\n<p>Ve\u010dinoma so bili motorni piloti tisti, ki so se iz\u0161olali v vojski. \u0160olanje pilotov v klubih se je za\u010delo s pojavom motornega letala trojka. Pogoj za \u0161olanje za motornega pilota je bil srebni C in mnogo zaslug v klubu. Moji za\u010detki letenja na motornih letalih so se za\u010deli 1957 na letalu trojka. Leta 1978 sem opravil izpit za u\u010ditelja motornega letenja. Iz\u0161olal sem ve\u010d sto pilotov, ki so svojo kariero nadaljevali kot uspe\u0161ni tekmovalci v letalskem \u0161portu, veliko pa tudi poklicno.&nbsp;<\/p>\n\n\n<div class=\"wp-block-image\">\n<figure class=\"aligncenter size-full\"><img decoding=\"async\" width=\"512\" height=\"367\" src=\"https:\/\/papajuliett.com\/wp-content\/uploads\/2024\/06\/PA-18.jpg\" alt=\"\" class=\"wp-image-8548\" srcset=\"https:\/\/papajuliett.com\/wp-content\/uploads\/2024\/06\/PA-18.jpg 512w, https:\/\/papajuliett.com\/wp-content\/uploads\/2024\/06\/PA-18-300x215.jpg 300w\" sizes=\"(max-width: 512px) 100vw, 512px\" \/><\/figure>\n<\/div>\n\n\n<p><\/p>\n\n\n\n<p><strong>7.) Kaj opazite kot najve\u010djo razliko v letenju neko\u010d in danes?<\/strong><\/p>\n\n\n\n<p>Takrat nas je zdru\u017eevalo pravo prijateljstvo in skupni hobi, letalstvo. Res smo bili pripravljeni delati drug za drugega. Takrat ni bil problem izpeljati akcije. Prva leta niso bila tak problem, ker je vse to financirala dr\u017eava. Potem pa je bilo stalno manj financiranja in se je bilo treba postaviti na noge. Za\u010deli smo razvijati drugo dejavnost. Delali smo vijake. \u010cistili smo Stra\u017eunski kanal. Delali smo zna\u010dke&#8230; vsega vraga smo se lotevali. Hangar Letalskega centra Maribor smo zgradili na lopati. Takrat nismo imeli me\u0161alca. In ni bil problem dobiti 20, 30 ljudi, ko smo betonirali.&nbsp;<\/p>\n\n\n\n<p>\u010ce pogleda\u0161 danes, se ljudje grupirajo. Grupice sem, grupice tja.  Poglej tehni\u010dni dan, kako malo jih pride. Takrat ni nih\u010de mirno sedel. V tistih \u010dasih,  \u010de je nekdo pristal, so takoj pri\u0161li pomagat. To je tisti odnos.<\/p>\n\n\n\n<p>\u0160torije sem vedno dajal na stran, nisem jih potenciral. To pa, da ljudje ne pridejo pomagat, to mi pa ostane.&nbsp; Pospraviti za sabo ali pa pobrati, \u010de kje kaj le\u017ei.&nbsp; Jaz vedno smatram, da je prostor letalskega centra kot moje dvori\u0161\u010de.&nbsp;<\/p>\n\n\n\n<p><\/p>\n\n\n\n<p><strong>8. Kdaj so se za\u010dele \u010dutiti spremembe?<\/strong><\/p>\n\n\n\n<p>Okrog 1957\/58 leta. V tem \u010dasu smo se preselili iz starega na novo letali\u0161\u010de, dana\u0161nje Skoke. Takrat so se stvari \u017ee malo komercializirale. Velika sprememba pa se je pokazala v 80-ih letih. Takrat se je skomercializiralo do kraja.<\/p>\n\n\n\n<p><\/p>\n\n\n\n<p><strong>9. Ste prakti\u010dno avtor letalske obrambe pred to\u010do. Imate tudi okoli 100 ur takega letenja<\/strong>. <\/p>\n\n\n\n<p>Projekt obrambe pred to\u010do je moj. Jaz in \u0161e dva kolega smo takrat ta projekt prinesli sem, ker smo ga videli v Avstriji.&nbsp; Organiziral sem, da je se letalo utva 75 opremila z agregati iz Avstrije.&nbsp; Pripraviti je bilo treba zapleteno dokumentacijo. Takrat je \u0161lo vse preko Ministrstva za promet v Beogradu. Jaz sem \u0161tudiral na fakulteti in s pomo\u010djo fantov na drugih fakultetah smo naredili tehni\u010dni in ekonomski elaborat. V Beogradu so ga nosili okoli in kazali, kako mora biti elaborat narejen. Potem smo kupili cessno 206. Naredili smo izbolj\u0161ave in se povezali s tujino.&nbsp;<\/p>\n\n\n\n<p>Imam okoli 100 ur letenja obrambe proti to\u010di, kar ni malo. Potem so nam to prepovedali, \u010de\u0161, da s PPL ne sme\u0161 leteti obrambe proti to\u010di, da to lahko letijo samo profesionalci. Se pravi jaz lahko profesionalca \u0161olam od za\u010detka pa do profesionalnega dovoljenja, ga pre\u0161olam na cessno 206 za obrambo proti to\u010di, ne smem pa leteti obrambe proti to\u010di. Take predpise imamo.<\/p>\n\n\n\n<p><\/p>\n\n\n<div class=\"wp-block-image\">\n<figure class=\"aligncenter size-large is-resized\"><img decoding=\"async\" width=\"768\" height=\"1024\" src=\"https:\/\/papajuliett.com\/wp-content\/uploads\/2024\/06\/90-let-LC-2018-768x1024.jpg\" alt=\"\" class=\"wp-image-8544\" style=\"width:335px;height:auto\" srcset=\"https:\/\/papajuliett.com\/wp-content\/uploads\/2024\/06\/90-let-LC-2018-768x1024.jpg 768w, https:\/\/papajuliett.com\/wp-content\/uploads\/2024\/06\/90-let-LC-2018-225x300.jpg 225w, https:\/\/papajuliett.com\/wp-content\/uploads\/2024\/06\/90-let-LC-2018-1152x1536.jpg 1152w, https:\/\/papajuliett.com\/wp-content\/uploads\/2024\/06\/90-let-LC-2018-1536x2048.jpg 1536w, https:\/\/papajuliett.com\/wp-content\/uploads\/2024\/06\/90-let-LC-2018-600x800.jpg 600w\" sizes=\"(max-width: 768px) 100vw, 768px\" \/><\/figure>\n<\/div>\n\n\n<p><\/p>\n\n\n\n<p><strong>10.) Kaj je za vas dober letalski in\u0161truktor?<\/strong><\/p>\n\n\n\n<p>Dober letalski in\u0161truktor mora imeti poseben \u010dut za \u010dloveka, ki ga \u0161ola in mora paziti nanj. Pa tudi, da zna povedati \u010dloveku, \u010de \u0161olanje zanj nima smisla. Nekateri imajo te\u017eavo z ostrinsko globino, z osnovnimi refleksi. Takemu lahko re\u010de\u0161, lahko hodi\u0161 sem, lahko si u\u010denec 30 let, ampak bo\u0161 vedno z nekom letel.<\/p>\n\n\n\n<p><\/p>\n\n\n\n<p><strong>11.) Prisegate na \u0161olanje po prisilnih postopkih.&nbsp;<\/strong><\/p>\n\n\n\n<p>To je stari na\u010din \u0161olanja.&nbsp; Vsaka &#8220;opica&#8221; lahko leti na ruti. Kaj pa pristati na njivi? To je pa \u017ee malo te\u017eje. \u010ce nam odpove motor smo v enaki situaciji kot jadralci. Isti postopek. In tega nih\u010de ne obvlada, ker ne obvlada glisade. Glisada je osnovna zadeva v izventerenskem pristajanju. Vi\u0161je mora\u0161 priti, ne sme\u0161 priti prenizko,&nbsp; druga\u010de gre\u0161 v jarek. Z glisado lahko tisto vi\u0161ino zelo hitro zni\u017ea\u0161. So glisade na no\u017e in ni problem tako pristat.&nbsp;<\/p>\n\n\n\n<p><\/p>\n\n\n\n<p><strong>12.) Kaj so lastnosti dobrega letalca?<\/strong><\/p>\n\n\n\n<p>Narobe je, \u010de si neustra\u0161en. To ni v redu. Na letali\u0161\u010de mora\u0161 priti z veliko odgovornosti in spo\u0161tovanja do tega kar leti\u0161. Ne podcenjevati in ne precenjevati sebe. In \u010de nisi sposoben, priznaj. Ni greh, da u\u010ditelju prizna\u0161, da ti nekaj ne gre. Povej to.&nbsp;<\/p>\n\n\n\n<p>Odkritost, prisr\u010dnost, spo\u0161tovanje vseh tistih, ki so tu in pa spo\u0161tovanje samega sebe. Preveriti samega sebe. V\u010dasih raj\u0161i preveriti sebe kot koga drugega. Drugega je treba imeti rad.&nbsp;<\/p>\n\n\n\n<p><\/p>\n\n\n\n<p><strong>13.) Kak\u0161en bi bil va\u0161 letalski nasvet za mlade?<\/strong><\/p>\n\n\n\n<p>Naj bo letalstvo hobi ki je visoko cenjen, ima vrednost in v katerem je treba paziti, ker je tudi \u017eivljenjsko nevaren. Zavedanje, da se jaz z gotovostjo vsedem v letalo, da mi ti kot predhodnik nisi ne\u010desa zamol\u010dal. Pomembno je, da se med seboj spo\u0161tujemo in da se zanesemo na tovari\u0161e.<\/p>\n\n\n\n<p><\/p>\n\n\n\n<p><strong>14.) Zaklju\u010dne misli o letalstvu?<\/strong><\/p>\n\n\n\n<p>Pomembna je ljubezen do letalstva, spo\u0161tovanje tega kar ima\u0161, ponos, da to lahko po\u010dne\u0161, in odnos do tovari\u0161ev. Letel sem dobra letala, letel sem slaba letala, ampak na koncu so bila zame vsa dobra.<\/p>\n\n\n\n<p><\/p>\n\n\n\n<p>Prispevek o Francu si lahko ogledate tudi na oddaji TV Dobro jutro od minute 30:15 dalje: <a href=\"https:\/\/365.rtvslo.si\/arhiv\/dobro-jutro\/175054444\" target=\"_blank\" rel=\"noopener\" title=\"\">https:\/\/365.rtvslo.si\/arhiv\/dobro-jutro\/175054444<\/a><\/p>\n\n\n\n<figure class=\"wp-block-image size-large\"><img decoding=\"async\" width=\"1024\" height=\"576\" src=\"https:\/\/papajuliett.com\/wp-content\/uploads\/2024\/06\/52063548_2501074549934201_523542881156202496_n-1024x576.jpg\" alt=\"\" class=\"wp-image-8552\" srcset=\"https:\/\/papajuliett.com\/wp-content\/uploads\/2024\/06\/52063548_2501074549934201_523542881156202496_n-1024x576.jpg 1024w, https:\/\/papajuliett.com\/wp-content\/uploads\/2024\/06\/52063548_2501074549934201_523542881156202496_n-300x169.jpg 300w, https:\/\/papajuliett.com\/wp-content\/uploads\/2024\/06\/52063548_2501074549934201_523542881156202496_n-768x432.jpg 768w, https:\/\/papajuliett.com\/wp-content\/uploads\/2024\/06\/52063548_2501074549934201_523542881156202496_n-1536x864.jpg 1536w, https:\/\/papajuliett.com\/wp-content\/uploads\/2024\/06\/52063548_2501074549934201_523542881156202496_n-600x338.jpg 600w, https:\/\/papajuliett.com\/wp-content\/uploads\/2024\/06\/52063548_2501074549934201_523542881156202496_n.jpg 1992w\" sizes=\"(max-width: 1024px) 100vw, 1024px\" \/><\/figure>\n\n\n\n<p><\/p>\n\n\n\n<p>Viri:<br>&#8211;<a href=\"https:\/\/www.gov.si\/assets\/ministrstva\/MGTS\/Dokumenti\/Direktorat-za-sport\/BLOUDEK\/Bloudek_nagrajenci_2018.pdf\">https:\/\/www.gov.si\/assets\/ministrstva\/MGTS\/Dokumenti\/Direktorat-za-sport\/BLOUDEK\/Bloudek_nagrajenci_2018.pdf<\/a><br><\/p>\n\n\n\n<p>Intervju: Eva Kra\u0161<\/p>\n","protected":false},"excerpt":{"rendered":"<p>Franc Kralj je letalstvu predan \u017ee 75 let. Je edini pilot v Sloveniji, ki je prejemnik najvi\u0161jega dr\u017eavnega priznanja za dose\u017eke na podro\u010dju \u0161porta, Bloudkove plakete za \u017eivljenjsko delo. Poleg tega je prvi \u010dastni \u010dlan Letalskega centra Maribor (LCM), kar dodatno potrjuje njegov izjemni prispevek slovenskemu \u0161portnemu letalstvu, saj je [&hellip;]<\/p>\n","protected":false},"author":6,"featured_media":8546,"comment_status":"open","ping_status":"open","sticky":false,"template":"","format":"standard","meta":{"om_disable_all_campaigns":false,"_monsterinsights_skip_tracking":false,"_monsterinsights_sitenote_active":false,"_monsterinsights_sitenote_note":"","_monsterinsights_sitenote_category":0,"iawp_total_views":216,"footnotes":""},"categories":[484,482],"tags":[],"class_list":["post-8542","post","type-post","status-publish","format-standard","has-post-thumbnail","hentry","category-piloti-sl","category-zgodbe-z-neba"],"aioseo_notices":[],"_links":{"self":[{"href":"https:\/\/papajuliett.com\/sl\/wp-json\/wp\/v2\/posts\/8542","targetHints":{"allow":["GET"]}}],"collection":[{"href":"https:\/\/papajuliett.com\/sl\/wp-json\/wp\/v2\/posts"}],"about":[{"href":"https:\/\/papajuliett.com\/sl\/wp-json\/wp\/v2\/types\/post"}],"author":[{"embeddable":true,"href":"https:\/\/papajuliett.com\/sl\/wp-json\/wp\/v2\/users\/6"}],"replies":[{"embeddable":true,"href":"https:\/\/papajuliett.com\/sl\/wp-json\/wp\/v2\/comments?post=8542"}],"version-history":[{"count":19,"href":"https:\/\/papajuliett.com\/sl\/wp-json\/wp\/v2\/posts\/8542\/revisions"}],"predecessor-version":[{"id":8611,"href":"https:\/\/papajuliett.com\/sl\/wp-json\/wp\/v2\/posts\/8542\/revisions\/8611"}],"wp:featuredmedia":[{"embeddable":true,"href":"https:\/\/papajuliett.com\/sl\/wp-json\/wp\/v2\/media\/8546"}],"wp:attachment":[{"href":"https:\/\/papajuliett.com\/sl\/wp-json\/wp\/v2\/media?parent=8542"}],"wp:term":[{"taxonomy":"category","embeddable":true,"href":"https:\/\/papajuliett.com\/sl\/wp-json\/wp\/v2\/categories?post=8542"},{"taxonomy":"post_tag","embeddable":true,"href":"https:\/\/papajuliett.com\/sl\/wp-json\/wp\/v2\/tags?post=8542"}],"curies":[{"name":"wp","href":"https:\/\/api.w.org\/{rel}","templated":true}]}}